{"id":3060,"date":"2021-07-15T17:19:00","date_gmt":"2021-07-15T20:19:00","guid":{"rendered":"http:\/\/www.ipae.com.br\/ipae\/?p=3060"},"modified":"2021-07-16T17:26:54","modified_gmt":"2021-07-16T20:26:54","slug":"jornal-da-educacao-no-6304-quinta-feira-15-de-julho-de-2021","status":"publish","type":"post","link":"https:\/\/www.ipae.com.br\/ipae\/jornal-da-educacao-no-6304-quinta-feira-15-de-julho-de-2021\/","title":{"rendered":"Jornal da Educa\u00e7\u00e3o - n\u00ba 6304 - quinta-feira - 15 de julho de 2021"},"content":{"rendered":"<div id=\"dslc-main\">\r\n\t\t<div  class=\"dslc-modules-section  dslc-init-parallax \" style=\"padding-bottom:80px;padding-top:80px;background-image:url(https:\/\/www.ipae.com.br\/ipae\/wp-content\/uploads\/2020\/03\/background-image-4735444_1280.png);background-attachment:parallax;background-size:cover;\" data-section-id=\"541da03ee2a\">\r\n\t\t\t\t\r\n\t\t\t\t\r\n\t\t\t\t<div class=\"dslc-modules-section-wrapper dslc-clearfix\"><div class=\"dslc-modules-area dslc-col dslc-9-col dslc-first-col dslc-valign-top \" data-size=\"9\" data-valign=\"top\">\n\t\t<div id=\"dslc-module-5957d4d3645\" class=\"dslc-module-front dslc-module-DSLC_TP_Title dslc-in-viewport-check dslc-in-viewport-anim-none  dslc-col dslc-12-col dslc-last-col  dslc-module-handle-like-regular \" data-module-id=\"5957d4d3645\" data-module=\"DSLC_TP_Title\" data-dslc-module-size=\"12\" data-dslc-anim=\"none\" data-dslc-anim-delay=\"\" data-dslc-anim-duration=\"650\"  data-dslc-anim-easing=\"ease\" data-dslc-preset=\"none\" >\n\n\t\t\t\n\t\t\t\n\t\t\n\t<div class=\"dslc-tp-title\">\n\t\t\t\t\t<div class=\"dslc-tp-title\"><h1>Jornal da Educa\u00e7\u00e3o - n\u00ba 6304 - quinta-feira - 15 de julho de 2021<\/h1><\/div>\n\t\t\t<\/div>\n\n\t\n\t\t\t\t<\/div><!-- .dslc-module -->\n\t\t\n\t\t<div id=\"dslc-module-dab636ba9c4\" class=\"dslc-module-front dslc-module-DSLC_TP_Content dslc-in-viewport-check dslc-in-viewport-anim-none  dslc-col dslc-12-col dslc-last-col  dslc-module-handle-like-regular \" data-module-id=\"dab636ba9c4\" data-module=\"DSLC_TP_Content\" data-dslc-module-size=\"12\" data-dslc-anim=\"none\" data-dslc-anim-delay=\"\" data-dslc-anim-duration=\"650\"  data-dslc-anim-easing=\"ease\" data-dslc-preset=\"none\" >\n\n\t\t\t\n\t\t\t\n\t\t<div class=\"dslc-tp-content\"><div id=\"dslc-theme-content\"><div id=\"dslc-theme-content-inner\">\n<figure class=\"wp-block-embed is-type-video is-provider-youtube wp-block-embed-youtube wp-embed-aspect-16-9 wp-has-aspect-ratio\"><div class=\"wp-block-embed__wrapper\">\n<iframe loading=\"lazy\"  id=\"_ytid_69316\"  width=\"1180\" height=\"664\"  data-origwidth=\"1180\" data-origheight=\"664\" src=\"https:\/\/www.youtube.com\/embed\/0uQo9u77E8Y?enablejsapi=1&autoplay=0&cc_load_policy=0&cc_lang_pref=&iv_load_policy=1&loop=0&modestbranding=0&rel=1&fs=1&playsinline=0&autohide=2&theme=dark&color=red&controls=1&\" class=\"__youtube_prefs__  epyt-is-override  no-lazyload\" title=\"YouTube player\"  allow=\"accelerometer; autoplay; clipboard-write; encrypted-media; gyroscope; picture-in-picture\" allowfullscreen data-no-lazy=\"1\" data-skipgform_ajax_framebjll=\"\"><\/iframe>\n<\/div><\/figure>\n\n\n\n<p>Mat\u00e9rias veiculadas nesta edi\u00e7\u00e3o<\/p>\n\n\n\n<p>Minist\u00e9rio da Educa\u00e7\u00e3o define cronograma Nacional de Implementa\u00e7\u00e3o do Novo Ensino M\u00e9diohttps:\/\/in.gov.br\/en\/web\/dou\/-\/portaria-n-521-de-13-de-julho-de-2021-331876769<\/p>\n\n\n\n<p>Conselho Nacional de Educa\u00e7\u00e3o disponibiliza s\u00famulas de pareceres aprovados em junho e julho de 2021https:\/\/in.gov.br\/web\/dou\/-\/sumula-de-pareceres-331889286https:\/\/in.gov.br\/web\/dou\/-\/sumula-de-pareceres-331889204<\/p>\n\n\n\n<p>Par\u00e2metros a serem adotados para a estrutura\u00e7\u00e3o e o funcionamento das bibliotecas digitais \u00e9 objeto de resolu\u00e7\u00e3o do Conselho Federal de Biblioteconomiahttps:\/\/www.in.gov.br\/web\/dou\/-\/resolucao-cfb-n-240-de-30-de-junho-de-2021-330702470<\/p>\n\n\n\n<p>C\u00e2mara dos Deputados aprova regras para educa\u00e7\u00e3o bil\u00edngue de surdos e mat\u00e9ria vai \u00e0 san\u00e7\u00e3o presidencial, provocando nova modifica\u00e7\u00e3o da LDBhttps:\/\/www.camara.leg.br\/noticias\/785011-camara-aprova-regras-para-educacao-bilingue-de-surdos\/ https:\/\/www.camara.leg.br\/proposicoesWeb\/prop_mostrarintegra?codteor=2019431&amp;filename=PL+4909\/2020<\/p>\n\n\n\n<p>Projeto sobre ensino a dist\u00e2ncia para curso de Medicina Veterin\u00e1ria \u00e9 debatido no legislativo https:\/\/www.camara.leg.br\/noticias\/784480-debatedores-criticam-projeto-sobre-ensino-a-distancia-para-curso-de-medicina-veterinaria\/https:\/\/www.camara.leg.br\/noticias\/783368-proposta-limita-ensino-remoto-de-veterinaria-a-10-do-curso<\/p>\n\n\n\n<p>Congresso das Am\u00e9ricas sobre Educa\u00e7\u00e3o Internacional ser\u00e1 realizado virtualmente em outubro atrav\u00e9s da Organiza\u00e7\u00e3o Universit\u00e1ria Interamericanahttps:\/\/oui-iohe.org\/pt-br\/<\/p>\n\n\n\n<p>Associa\u00e7\u00e3o Brasileira de Tecnologia Educacional completa 50 anos de atividadeshttp:\/\/abt-br.org.br\/<\/p>\n\n\n\n<p>IPAE lan\u00e7a sua Loja Virtualhttp:\/\/www.ipae.com.br\/ipae\/loja-virtual-ipae\/<\/p>\n\n\n\n<p>Nota da reda\u00e7\u00e3o<\/p>\n\n\n\n<p> O Jornal da Educa\u00e7\u00e3o, considerando a evolu\u00e7\u00e3o das tecnologias aplicadas aos sistemas de comunica\u00e7\u00e3o, passou a ser produzido, a partir de janeiro de 2020, pelo sistema de Videocast. \u00c9 o ve\u00edculo mais din\u00e2mico do Sistema Integrado de Informa\u00e7\u00f5es Educacionais, que \u00e9 composto de onze peri\u00f3dicos. As transmiss\u00f5es s\u00e3o feitas atrav\u00e9s da TV Virtual da Educa\u00e7\u00e3o, uma emissora do Instituto de Pesquisas e Administra\u00e7\u00e3o da Educa\u00e7\u00e3o.<\/p>\n\n\n\n<p>EXPEDIENTE<\/p>\n\n\n\n<p>Publica\u00e7\u00e3o di\u00e1ria do Institutode Pesquisas e Administra\u00e7\u00e3o da Educa\u00e7\u00e3o (enfoca os principais acontecimentos que ocorrem no Brasil e no Mundo na \u00e1rea educacional, sendo as mat\u00e9rias aprofundadas nos Informativos (mensais) e Revistas especializadas (bimestrais) tamb\u00e9m editadas pelo IPAE )Exemplares arquivados na Biblioteca Nacional de acordo com Lei n\u00ba 10.944, de 14 de dezembro de 2004 (Lei do Dep\u00f3sito Legal)ISSN (International Standard Serial Number) n\u00ba 0104-9895 conforme registro no Instituto Brasileiro de Informa\u00e7\u00e3o em Ci\u00eancia e Tecnologia -IBICT (Centro Brasileiro do ISSN), vinculado ao Minist\u00e9rio de Ci\u00eancia e Tecnologia.Editora do Instituto de Pesquisas e Administra\u00e7\u00e3o da Educa\u00e7\u00e3o cadastrada no ISBN (International Standard Book Number) sob o n\u00ba 85927 conforme registro na Biblioteca Nacional.Reprodu\u00e7\u00e3o permitida desde que citada a fonteEditor Respons\u00e1vel -Jo\u00e3o Roberto Moreira AlvesEdi\u00e7\u00e3o e Administra\u00e7\u00e3o-Instituto de Pesquisas Avan\u00e7adas em Educa\u00e7\u00e3oAv. Rio Branco, 156 -Conjunto 1.926 -CEP 20040-901 -Rio de Janeiro -RJ \u2013Brasilhttp:\/\/www.ipae.com.br -ipae@ipae.com.br<\/p>\n\n\n\n<p>FICHA CATALOGR\u00c1FICA<\/p>\n\n\n\n<p>Jornal da Educa\u00e7\u00e3o \u2013Ano 1 \u2013n\u00ba 1 (fevereiro de 1995) \u2013Rio de Janeiro \u2013Instituto de Pesquisas e Administra\u00e7\u00e3o da Educa\u00e7\u00e3o(di\u00e1rio)1. Direito \u00e0 educa\u00e7\u00e3o \u2013peri\u00f3dico. I \u2013Instituto de Pesquisas e Administra\u00e7\u00e3o da Educa\u00e7\u00e3o \u2013CDU 37.011.001.4Para ter acesso \u00e0s edi\u00e7\u00f5es anteriores do Jornal da Educa\u00e7\u00e3o, entre emhttp:\/\/www.ipae.com.br\/site\/edicoes-anteriores.html<\/p>\n\n\n\n<p>Edi\u00e7\u00f5es de 2020: http:\/\/www.ipae.com.br\/edicoes_ant_2020.html<\/p>\n<\/div><\/div><\/div>\n\t\t\t\t<\/div><!-- .dslc-module -->\n\t\t<\/div><div class=\"dslc-modules-area dslc-col dslc-3-col dslc-last-col dslc-valign-bottom \" data-size=\"3\" data-valign=\"bottom\">\n\t\t<div id=\"dslc-module-ab06bdfbaa9\" class=\"dslc-module-front dslc-module-DSLC_Widgets dslc-in-viewport-check dslc-in-viewport-anim-none  dslc-col dslc-12-col dslc-last-col  dslc-module-handle-like-regular \" data-module-id=\"ab06bdfbaa9\" data-module=\"DSLC_Widgets\" data-dslc-module-size=\"12\" data-dslc-anim=\"none\" data-dslc-anim-delay=\"\" data-dslc-anim-duration=\"650\"  data-dslc-anim-easing=\"ease\" data-dslc-preset=\"none\" >\n\n\t\t\t\n\t\t\t\n\t\t\t\t\t<div class=\"dslc-widgets dslc-clearfix dslc-widgets-12-col\">\n\t\t\t\t<div class=\"dslc-widgets-wrap dslc-clearfix\">\n\t\t\t\t\t\n<div id=\"wpp-2\" class=\"dslc-widget dslc-col popular-posts\"><div class=\"dslc-widget-wrap\">\n<h3 class=\"dslc-widget-title\"><span class=\"dslc-widget-title-inner\">Not\u00edcias recentes<\/span><\/h3><ul class=\"wpp-list wpp-list-with-thumbnails\"><li>\n<a href=\"https:\/\/www.ipae.com.br\/ipae\/tv-virtual-ipae\/\" target=\"_self\"><img width=\"150\" height=\"150\" src=\"https:\/\/www.ipae.com.br\/ipae\/wp-content\/uploads\/2026\/04\/Banner-1-150x150.png\" class=\"wpp-thumbnail wpp_featured attachment-thumbnail size-thumbnail wp-post-image\" alt=\"\" decoding=\"async\" loading=\"lazy\" srcset=\"https:\/\/www.ipae.com.br\/ipae\/wp-content\/uploads\/2026\/04\/Banner-1-150x150.png 150w, https:\/\/www.ipae.com.br\/ipae\/wp-content\/uploads\/2026\/04\/Banner-1-300x300.png 300w, https:\/\/www.ipae.com.br\/ipae\/wp-content\/uploads\/2026\/04\/Banner-1-1024x1024.png 1024w, https:\/\/www.ipae.com.br\/ipae\/wp-content\/uploads\/2026\/04\/Banner-1-768x768.png 768w, https:\/\/www.ipae.com.br\/ipae\/wp-content\/uploads\/2026\/04\/Banner-1.png 1080w\"><\/a>\n<a href=\"https:\/\/www.ipae.com.br\/ipae\/tv-virtual-ipae\/\" class=\"wpp-post-title\" target=\"_self\">TV VIRTUAL<\/a>\n <span class=\"wpp-meta post-stats\"><span class=\"wpp-date\">publicado em mar\u00e7o 7, 2026<\/span><\/span>\n<\/li>\n<li>\n<a href=\"https:\/\/www.ipae.com.br\/ipae\/eventos-de-2025-ipae\/\" target=\"_self\"><img width=\"150\" height=\"150\" src=\"https:\/\/www.ipae.com.br\/ipae\/wp-content\/uploads\/2025\/07\/4-150x150.png\" class=\"wpp-thumbnail wpp_featured attachment-thumbnail size-thumbnail wp-post-image\" alt=\"\" decoding=\"async\" loading=\"lazy\" srcset=\"https:\/\/www.ipae.com.br\/ipae\/wp-content\/uploads\/2025\/07\/4-150x150.png 150w, https:\/\/www.ipae.com.br\/ipae\/wp-content\/uploads\/2025\/07\/4-300x300.png 300w, https:\/\/www.ipae.com.br\/ipae\/wp-content\/uploads\/2025\/07\/4-1024x1024.png 1024w, https:\/\/www.ipae.com.br\/ipae\/wp-content\/uploads\/2025\/07\/4-768x768.png 768w, https:\/\/www.ipae.com.br\/ipae\/wp-content\/uploads\/2025\/07\/4.png 1080w\"><\/a>\n<a href=\"https:\/\/www.ipae.com.br\/ipae\/eventos-de-2025-ipae\/\" class=\"wpp-post-title\" target=\"_self\">EVENTOS - IPAE<\/a>\n <span class=\"wpp-meta post-stats\"><span class=\"wpp-date\">publicado em mar\u00e7o 20, 2026<\/span><\/span>\n<\/li>\n<li>\n<a href=\"https:\/\/www.ipae.com.br\/ipae\/mec-define-calendario-anual-de-abertura-do-protocolo-de-ingresso-de-processos-regulatorios-no-sistema-e-mec-em-2021\/\" title=\"MEC define calend\u00e1rio anual de abertura do protocolo de ingresso de processos regulat\u00f3rios no Sistema e-MEC em 2021\" target=\"_self\"><img width=\"150\" height=\"150\" src=\"https:\/\/www.ipae.com.br\/ipae\/wp-content\/uploads\/2020\/06\/ministerio-da-educacao-mec-150x150.png\" class=\"wpp-thumbnail wpp_featured attachment-thumbnail size-thumbnail wp-post-image\" alt=\"\" decoding=\"async\" loading=\"lazy\"><\/a>\n<a href=\"https:\/\/www.ipae.com.br\/ipae\/mec-define-calendario-anual-de-abertura-do-protocolo-de-ingresso-de-processos-regulatorios-no-sistema-e-mec-em-2021\/\" title=\"MEC define calend\u00e1rio anual de abertura do protocolo de ingresso de processos regulat\u00f3rios no Sistema e-MEC em 2021\" class=\"wpp-post-title\" target=\"_self\">MEC define calend\u00e1rio anual de abertura do protocolo de ingresso de processos regulat\u00f3rios no Sistem...<\/a>\n <span class=\"wpp-meta post-stats\"><span class=\"wpp-date\">publicado em dezembro 28, 2020<\/span><\/span>\n<\/li>\n<li>\n<a href=\"https:\/\/www.ipae.com.br\/ipae\/jornal-da-educao-ultima-edicao\/\" target=\"_self\"><img width=\"150\" height=\"150\" src=\"https:\/\/www.ipae.com.br\/ipae\/wp-content\/uploads\/2026\/04\/Capa-site-5-150x150.png\" class=\"wpp-thumbnail wpp_featured attachment-thumbnail size-thumbnail wp-post-image\" alt=\"\" decoding=\"async\" loading=\"lazy\" srcset=\"https:\/\/www.ipae.com.br\/ipae\/wp-content\/uploads\/2026\/04\/Capa-site-5-150x150.png 150w, https:\/\/www.ipae.com.br\/ipae\/wp-content\/uploads\/2026\/04\/Capa-site-5-300x300.png 300w, https:\/\/www.ipae.com.br\/ipae\/wp-content\/uploads\/2026\/04\/Capa-site-5-1024x1024.png 1024w, https:\/\/www.ipae.com.br\/ipae\/wp-content\/uploads\/2026\/04\/Capa-site-5-768x768.png 768w, https:\/\/www.ipae.com.br\/ipae\/wp-content\/uploads\/2026\/04\/Capa-site-5.png 1080w\"><\/a>\n<a href=\"https:\/\/www.ipae.com.br\/ipae\/jornal-da-educao-ultima-edicao\/\" class=\"wpp-post-title\" target=\"_self\">JORNAL DA EDU\u00c7\u00c3O - \u00daLTIMA EDI\u00c7\u00c3O<\/a>\n <span class=\"wpp-meta post-stats\"><span class=\"wpp-date\">publicado em abril 23, 2026<\/span><\/span>\n<\/li>\n<li>\n<a href=\"https:\/\/www.ipae.com.br\/ipae\/ministerio-da-educacao-cria-a-figura-do-recenseador-institucional-substituindo-atribuicoes-do-pesquisador-institucional-em-relacao-ao-censo-do-ensino-superior\/\" title=\"Minist\u00e9rio da Educa\u00e7\u00e3o cria a figura do Recenseador Institucional substituindo atribui\u00e7\u00f5es do Pesquisador Institucional em rela\u00e7\u00e3o ao Censo do Ensino Superior\" target=\"_self\"><img width=\"150\" height=\"150\" src=\"https:\/\/www.ipae.com.br\/ipae\/wp-content\/uploads\/2020\/06\/ministerio-da-educacao-mec-150x150.png\" class=\"wpp-thumbnail wpp_featured attachment-thumbnail size-thumbnail wp-post-image\" alt=\"\" decoding=\"async\" loading=\"lazy\"><\/a>\n<a href=\"https:\/\/www.ipae.com.br\/ipae\/ministerio-da-educacao-cria-a-figura-do-recenseador-institucional-substituindo-atribuicoes-do-pesquisador-institucional-em-relacao-ao-censo-do-ensino-superior\/\" title=\"Minist\u00e9rio da Educa\u00e7\u00e3o cria a figura do Recenseador Institucional substituindo atribui\u00e7\u00f5es do Pesquisador Institucional em rela\u00e7\u00e3o ao Censo do Ensino Superior\" class=\"wpp-post-title\" target=\"_self\">Minist\u00e9rio da Educa\u00e7\u00e3o cria a figura do Recenseador Institucional substituindo atribui\u00e7\u00f5es do Pesqui...<\/a>\n <span class=\"wpp-meta post-stats\"><span class=\"wpp-date\">publicado em novembro 19, 2020<\/span><\/span>\n<\/li>\n<li>\n<a href=\"https:\/\/www.ipae.com.br\/ipae\/suspensao-das-parcelas-referentes-aos-contratos-do-fundo-de-financiamento-estudantil-fies-devido-a-pandemia-do-covid\/\" title=\"Suspens\u00e3o das parcelas referentes aos contratos do Fundo de Financiamento Estudantil \u2013 FIES \u2013 devido \u00e0 pandemia do COVID\" target=\"_self\"><img width=\"150\" height=\"150\" src=\"https:\/\/www.ipae.com.br\/ipae\/wp-content\/uploads\/2020\/06\/hiper-brasao-1-150x150.jpg\" class=\"wpp-thumbnail wpp_featured attachment-thumbnail size-thumbnail wp-post-image\" alt=\"\" decoding=\"async\" loading=\"lazy\"><\/a>\n<a href=\"https:\/\/www.ipae.com.br\/ipae\/suspensao-das-parcelas-referentes-aos-contratos-do-fundo-de-financiamento-estudantil-fies-devido-a-pandemia-do-covid\/\" title=\"Suspens\u00e3o das parcelas referentes aos contratos do Fundo de Financiamento Estudantil \u2013 FIES \u2013 devido \u00e0 pandemia do COVID\" class=\"wpp-post-title\" target=\"_self\">Suspens\u00e3o das parcelas referentes aos contratos do Fundo de Financiamento Estudantil \u2013 FIES \u2013 devido...<\/a>\n <span class=\"wpp-meta post-stats\"><span class=\"wpp-date\">publicado em julho 29, 2020<\/span><\/span>\n<\/li>\n<li>\n<a href=\"https:\/\/www.ipae.com.br\/ipae\/base-nacional-comum-de-competencias-do-diretor-escolar-e-definida-pelo-cne-durante-a-reuniao-onde-o-secretario-de-educacao-basica-do-mec-assume-o-cargo-de-conselheiro-nato\/\" title=\"Base Nacional Comum de Compet\u00eancias do Diretor Escolar \u00e9 definida pelo CNE durante a reuni\u00e3o onde o Secret\u00e1rio de Educa\u00e7\u00e3o B\u00e1sica do MEC assume o cargo de conselheiro nato\" target=\"_self\"><img width=\"150\" height=\"150\" src=\"https:\/\/www.ipae.com.br\/ipae\/wp-content\/uploads\/2020\/06\/04052020_conselho_educacao-150x150.jpg\" class=\"wpp-thumbnail wpp_featured attachment-thumbnail size-thumbnail wp-post-image\" alt=\"\" decoding=\"async\" loading=\"lazy\"><\/a>\n<a href=\"https:\/\/www.ipae.com.br\/ipae\/base-nacional-comum-de-competencias-do-diretor-escolar-e-definida-pelo-cne-durante-a-reuniao-onde-o-secretario-de-educacao-basica-do-mec-assume-o-cargo-de-conselheiro-nato\/\" title=\"Base Nacional Comum de Compet\u00eancias do Diretor Escolar \u00e9 definida pelo CNE durante a reuni\u00e3o onde o Secret\u00e1rio de Educa\u00e7\u00e3o B\u00e1sica do MEC assume o cargo de conselheiro nato\" class=\"wpp-post-title\" target=\"_self\">Base Nacional Comum de Compet\u00eancias do Diretor Escolar \u00e9 definida pelo CNE durante a reuni\u00e3o onde o...<\/a>\n <span class=\"wpp-meta post-stats\"><span class=\"wpp-date\">publicado em maio 13, 2021<\/span><\/span>\n<\/li>\n<li>\n<a href=\"https:\/\/www.ipae.com.br\/ipae\/matriz-nacional-comum-de-competencias-do-diretor-escolar-e-objeto-de-nova-consulta-publica-do-conselho-nacional-de-educacao\/\" title=\"Matriz Nacional Comum de Compet\u00eancias do Diretor Escolar \u00e9 objeto de nova consulta p\u00fablica do Conselho Nacional de Educa\u00e7\u00e3o\" target=\"_self\"><img width=\"150\" height=\"150\" src=\"https:\/\/www.ipae.com.br\/ipae\/wp-content\/uploads\/2020\/06\/04052020_conselho_educacao-150x150.jpg\" class=\"wpp-thumbnail wpp_featured attachment-thumbnail size-thumbnail wp-post-image\" alt=\"\" decoding=\"async\" loading=\"lazy\"><\/a>\n<a href=\"https:\/\/www.ipae.com.br\/ipae\/matriz-nacional-comum-de-competencias-do-diretor-escolar-e-objeto-de-nova-consulta-publica-do-conselho-nacional-de-educacao\/\" title=\"Matriz Nacional Comum de Compet\u00eancias do Diretor Escolar \u00e9 objeto de nova consulta p\u00fablica do Conselho Nacional de Educa\u00e7\u00e3o\" class=\"wpp-post-title\" target=\"_self\">Matriz Nacional Comum de Compet\u00eancias do Diretor Escolar \u00e9 objeto de nova consulta p\u00fablica do Consel...<\/a>\n <span class=\"wpp-meta post-stats\"><span class=\"wpp-date\">publicado em mar\u00e7o 25, 2021<\/span><\/span>\n<\/li>\n<li>\n<a href=\"https:\/\/www.ipae.com.br\/ipae\/cursos-ipae\/\" target=\"_self\"><img width=\"150\" height=\"150\" src=\"https:\/\/www.ipae.com.br\/ipae\/wp-content\/uploads\/2025\/01\/5-150x150.png\" class=\"wpp-thumbnail wpp_featured attachment-thumbnail size-thumbnail wp-post-image\" alt=\"\" decoding=\"async\" loading=\"lazy\" srcset=\"https:\/\/www.ipae.com.br\/ipae\/wp-content\/uploads\/2025\/01\/5-150x150.png 150w, https:\/\/www.ipae.com.br\/ipae\/wp-content\/uploads\/2025\/01\/5-300x300.png 300w, https:\/\/www.ipae.com.br\/ipae\/wp-content\/uploads\/2025\/01\/5-1024x1024.png 1024w, https:\/\/www.ipae.com.br\/ipae\/wp-content\/uploads\/2025\/01\/5-768x768.png 768w, https:\/\/www.ipae.com.br\/ipae\/wp-content\/uploads\/2025\/01\/5.png 1080w\"><\/a>\n<a href=\"https:\/\/www.ipae.com.br\/ipae\/cursos-ipae\/\" class=\"wpp-post-title\" target=\"_self\">CURSOS<\/a>\n <span class=\"wpp-meta post-stats\"><span class=\"wpp-date\">publicado em agosto 1, 2025<\/span><\/span>\n<\/li>\n<li>\n<a href=\"https:\/\/www.ipae.com.br\/ipae\/diretrizes-nacionais-orientadoras-para-a-implementacao-dos-dispositivos-da-lei-no-14-040-sao-definidas-pelo-governo-federal\/\" title=\"Diretrizes Nacionais orientadoras para a implementa\u00e7\u00e3o dos dispositivos da Lei n\u00ba 14.040 s\u00e3o definidas pelo governo federal\" target=\"_self\"><img width=\"150\" height=\"150\" src=\"https:\/\/www.ipae.com.br\/ipae\/wp-content\/uploads\/2020\/06\/hiper-brasao-1-150x150.jpg\" class=\"wpp-thumbnail wpp_featured attachment-thumbnail size-thumbnail wp-post-image\" alt=\"\" decoding=\"async\" loading=\"lazy\"><\/a>\n<a href=\"https:\/\/www.ipae.com.br\/ipae\/diretrizes-nacionais-orientadoras-para-a-implementacao-dos-dispositivos-da-lei-no-14-040-sao-definidas-pelo-governo-federal\/\" title=\"Diretrizes Nacionais orientadoras para a implementa\u00e7\u00e3o dos dispositivos da Lei n\u00ba 14.040 s\u00e3o definidas pelo governo federal\" class=\"wpp-post-title\" target=\"_self\">Diretrizes Nacionais orientadoras para a implementa\u00e7\u00e3o dos dispositivos da Lei n\u00ba 14.040 s\u00e3o definid...<\/a>\n <span class=\"wpp-meta post-stats\"><span class=\"wpp-date\">publicado em dezembro 10, 2020<\/span><\/span>\n<\/li>\n<\/ul>\n<\/div><\/div>\n\t\t\t\t<\/div>\n\t\t\t<\/div>\n\t\t\n\t\t\t\t<\/div><!-- .dslc-module -->\n\t\t<\/div><\/div><\/div><\/div><input type=\"hidden\" id=\"dslca-post-data-thumb\" value=\"https:\/\/www.ipae.com.br\/ipae\/wp-content\/uploads\/2021\/02\/Jornal-da-educacao.jpg\" \/>","protected":false},"excerpt":{"rendered":"<p>Jornal da Educa\u00e7\u00e3o - n\u00ba 6304 - quinta-feira - 15 de julho de 2021 Mat\u00e9rias veiculadas nesta edi\u00e7\u00e3o Minist\u00e9rio da Educa\u00e7\u00e3o define cronograma Nacional de Implementa\u00e7\u00e3o do Novo Ensino M\u00e9diohttps:\/\/in.gov.br\/en\/web\/dou\/-\/portaria-n-521-de-13-de-julho-de-2021-331876769 [&hellip;]<\/p>\n","protected":false},"author":1,"featured_media":2470,"comment_status":"open","ping_status":"open","sticky":false,"template":"","format":"standard","meta":[],"categories":[1],"tags":[],"table_tags":[],"yoast_head":"<!-- This site is optimized with the Yoast SEO plugin v21.1 - https:\/\/yoast.com\/wordpress\/plugins\/seo\/ -->\n<title>Jornal da Educa\u00e7\u00e3o - n\u00ba 6304 - quinta-feira - 15 de julho de 2021 - IPAE - Instituto de Pesquisas e Administra\u00e7\u00e3o da Educa\u00e7\u00e3o<\/title>\n<meta name=\"robots\" content=\"index, follow, max-snippet:-1, max-image-preview:large, max-video-preview:-1\" \/>\n<link rel=\"canonical\" href=\"https:\/\/www.ipae.com.br\/ipae\/jornal-da-educacao-no-6304-quinta-feira-15-de-julho-de-2021\/\" \/>\n<meta property=\"og:locale\" content=\"pt_BR\" \/>\n<meta property=\"og:type\" content=\"article\" \/>\n<meta property=\"og:title\" content=\"Jornal da Educa\u00e7\u00e3o - n\u00ba 6304 - quinta-feira - 15 de julho de 2021 - IPAE - Instituto de Pesquisas e Administra\u00e7\u00e3o da Educa\u00e7\u00e3o\" \/>\n<meta property=\"og:description\" content=\"Jornal da Educa\u00e7\u00e3o - n\u00ba 6304 - quinta-feira - 15 de julho de 2021 Mat\u00e9rias veiculadas nesta edi\u00e7\u00e3o Minist\u00e9rio da Educa\u00e7\u00e3o define cronograma Nacional de Implementa\u00e7\u00e3o do Novo Ensino M\u00e9diohttps:\/\/in.gov.br\/en\/web\/dou\/-\/portaria-n-521-de-13-de-julho-de-2021-331876769 [&hellip;]\" \/>\n<meta property=\"og:url\" content=\"https:\/\/www.ipae.com.br\/ipae\/jornal-da-educacao-no-6304-quinta-feira-15-de-julho-de-2021\/\" \/>\n<meta property=\"og:site_name\" content=\"IPAE - Instituto de Pesquisas e Administra\u00e7\u00e3o da Educa\u00e7\u00e3o\" \/>\n<meta property=\"article:publisher\" content=\"https:\/\/www.facebook.com\/ipae.comunicacao\/\" \/>\n<meta property=\"article:published_time\" content=\"2021-07-15T20:19:00+00:00\" \/>\n<meta property=\"article:modified_time\" content=\"2021-07-16T20:26:54+00:00\" \/>\n<meta property=\"og:image\" content=\"https:\/\/www.ipae.com.br\/ipae\/wp-content\/uploads\/2021\/02\/Jornal-da-educacao.jpg\" \/>\n\t<meta property=\"og:image:width\" content=\"1280\" \/>\n\t<meta property=\"og:image:height\" content=\"720\" \/>\n\t<meta property=\"og:image:type\" content=\"image\/jpeg\" \/>\n<meta name=\"author\" content=\"ipae\" \/>\n<meta name=\"twitter:card\" content=\"summary_large_image\" \/>\n<meta name=\"twitter:creator\" content=\"@ipaeduc\" \/>\n<meta name=\"twitter:site\" content=\"@ipaeduc\" \/>\n<meta name=\"twitter:label1\" content=\"Escrito por\" \/>\n\t<meta name=\"twitter:data1\" content=\"ipae\" \/>\n\t<meta name=\"twitter:label2\" content=\"Est. tempo de leitura\" \/>\n\t<meta name=\"twitter:data2\" content=\"2 minutos\" \/>\n<script type=\"application\/ld+json\" class=\"yoast-schema-graph\">{\"@context\":\"https:\/\/schema.org\",\"@graph\":[{\"@type\":\"Article\",\"@id\":\"https:\/\/www.ipae.com.br\/ipae\/jornal-da-educacao-no-6304-quinta-feira-15-de-julho-de-2021\/#article\",\"isPartOf\":{\"@id\":\"https:\/\/www.ipae.com.br\/ipae\/jornal-da-educacao-no-6304-quinta-feira-15-de-julho-de-2021\/\"},\"author\":{\"name\":\"ipae\",\"@id\":\"https:\/\/www.ipae.com.br\/ipae\/#\/schema\/person\/774bea80ea231cfff7be6a44330c0a96\"},\"headline\":\"Jornal da Educa\u00e7\u00e3o - n\u00ba 6304 - quinta-feira - 15 de julho de 2021\",\"datePublished\":\"2021-07-15T20:19:00+00:00\",\"dateModified\":\"2021-07-16T20:26:54+00:00\",\"mainEntityOfPage\":{\"@id\":\"https:\/\/www.ipae.com.br\/ipae\/jornal-da-educacao-no-6304-quinta-feira-15-de-julho-de-2021\/\"},\"wordCount\":565,\"commentCount\":0,\"publisher\":{\"@id\":\"https:\/\/www.ipae.com.br\/ipae\/#organization\"},\"inLanguage\":\"pt-BR\",\"potentialAction\":[{\"@type\":\"CommentAction\",\"name\":\"Comment\",\"target\":[\"https:\/\/www.ipae.com.br\/ipae\/jornal-da-educacao-no-6304-quinta-feira-15-de-julho-de-2021\/#respond\"]}]},{\"@type\":\"WebPage\",\"@id\":\"https:\/\/www.ipae.com.br\/ipae\/jornal-da-educacao-no-6304-quinta-feira-15-de-julho-de-2021\/\",\"url\":\"https:\/\/www.ipae.com.br\/ipae\/jornal-da-educacao-no-6304-quinta-feira-15-de-julho-de-2021\/\",\"name\":\"Jornal da Educa\u00e7\u00e3o - n\u00ba 6304 - quinta-feira - 15 de julho de 2021 - IPAE - Instituto de Pesquisas e Administra\u00e7\u00e3o da Educa\u00e7\u00e3o\",\"isPartOf\":{\"@id\":\"https:\/\/www.ipae.com.br\/ipae\/#website\"},\"datePublished\":\"2021-07-15T20:19:00+00:00\",\"dateModified\":\"2021-07-16T20:26:54+00:00\",\"breadcrumb\":{\"@id\":\"https:\/\/www.ipae.com.br\/ipae\/jornal-da-educacao-no-6304-quinta-feira-15-de-julho-de-2021\/#breadcrumb\"},\"inLanguage\":\"pt-BR\",\"potentialAction\":[{\"@type\":\"ReadAction\",\"target\":[\"https:\/\/www.ipae.com.br\/ipae\/jornal-da-educacao-no-6304-quinta-feira-15-de-julho-de-2021\/\"]}]},{\"@type\":\"BreadcrumbList\",\"@id\":\"https:\/\/www.ipae.com.br\/ipae\/jornal-da-educacao-no-6304-quinta-feira-15-de-julho-de-2021\/#breadcrumb\",\"itemListElement\":[{\"@type\":\"ListItem\",\"position\":1,\"name\":\"In\u00edcio\",\"item\":\"https:\/\/www.ipae.com.br\/ipae\/\"},{\"@type\":\"ListItem\",\"position\":2,\"name\":\"Jornal da Educa\u00e7\u00e3o &#8211; n\u00ba 6304 &#8211; quinta-feira &#8211; 15 de julho de 2021\"}]},{\"@type\":\"WebSite\",\"@id\":\"https:\/\/www.ipae.com.br\/ipae\/#website\",\"url\":\"https:\/\/www.ipae.com.br\/ipae\/\",\"name\":\"IPAE - Instituto de Pesquisas e Administra\u00e7\u00e3o da Educa\u00e7\u00e3o\",\"description\":\"\",\"publisher\":{\"@id\":\"https:\/\/www.ipae.com.br\/ipae\/#organization\"},\"potentialAction\":[{\"@type\":\"SearchAction\",\"target\":{\"@type\":\"EntryPoint\",\"urlTemplate\":\"https:\/\/www.ipae.com.br\/ipae\/?s={search_term_string}\"},\"query-input\":\"required name=search_term_string\"}],\"inLanguage\":\"pt-BR\"},{\"@type\":\"Organization\",\"@id\":\"https:\/\/www.ipae.com.br\/ipae\/#organization\",\"name\":\"IPAE - Instituto de Pesquisas e Administra\u00e7\u00e3o da Educa\u00e7\u00e3o\",\"url\":\"https:\/\/www.ipae.com.br\/ipae\/\",\"logo\":{\"@type\":\"ImageObject\",\"inLanguage\":\"pt-BR\",\"@id\":\"https:\/\/www.ipae.com.br\/ipae\/#\/schema\/logo\/image\/\",\"url\":\"http:\/\/www.ipae.com.br\/ipae\/wp-content\/uploads\/2020\/03\/logo_ipae_oficial-1.png\",\"contentUrl\":\"http:\/\/www.ipae.com.br\/ipae\/wp-content\/uploads\/2020\/03\/logo_ipae_oficial-1.png\",\"width\":380,\"height\":122,\"caption\":\"IPAE - Instituto de Pesquisas e Administra\u00e7\u00e3o da Educa\u00e7\u00e3o\"},\"image\":{\"@id\":\"https:\/\/www.ipae.com.br\/ipae\/#\/schema\/logo\/image\/\"},\"sameAs\":[\"https:\/\/www.facebook.com\/ipae.comunicacao\/\",\"https:\/\/twitter.com\/ipaeduc\",\"https:\/\/www.youtube.com\/channel\/UCaPztGYiarI6qGG-Kl-Lv3Q\"]},{\"@type\":\"Person\",\"@id\":\"https:\/\/www.ipae.com.br\/ipae\/#\/schema\/person\/774bea80ea231cfff7be6a44330c0a96\",\"name\":\"ipae\",\"image\":{\"@type\":\"ImageObject\",\"inLanguage\":\"pt-BR\",\"@id\":\"https:\/\/www.ipae.com.br\/ipae\/#\/schema\/person\/image\/\",\"url\":\"https:\/\/secure.gravatar.com\/avatar\/0cf3bd9ca57be172ad66f26bb369849f?s=96&d=mm&r=g\",\"contentUrl\":\"https:\/\/secure.gravatar.com\/avatar\/0cf3bd9ca57be172ad66f26bb369849f?s=96&d=mm&r=g\",\"caption\":\"ipae\"},\"url\":\"https:\/\/www.ipae.com.br\/ipae\/author\/ipae\/\"}]}<\/script>\n<!-- \/ Yoast SEO plugin. -->","yoast_head_json":{"title":"Jornal da Educa\u00e7\u00e3o - n\u00ba 6304 - quinta-feira - 15 de julho de 2021 - IPAE - Instituto de Pesquisas e Administra\u00e7\u00e3o da Educa\u00e7\u00e3o","robots":{"index":"index","follow":"follow","max-snippet":"max-snippet:-1","max-image-preview":"max-image-preview:large","max-video-preview":"max-video-preview:-1"},"canonical":"https:\/\/www.ipae.com.br\/ipae\/jornal-da-educacao-no-6304-quinta-feira-15-de-julho-de-2021\/","og_locale":"pt_BR","og_type":"article","og_title":"Jornal da Educa\u00e7\u00e3o - n\u00ba 6304 - quinta-feira - 15 de julho de 2021 - IPAE - Instituto de Pesquisas e Administra\u00e7\u00e3o da Educa\u00e7\u00e3o","og_description":"Jornal da Educa\u00e7\u00e3o - n\u00ba 6304 - quinta-feira - 15 de julho de 2021 Mat\u00e9rias veiculadas nesta edi\u00e7\u00e3o Minist\u00e9rio da Educa\u00e7\u00e3o define cronograma Nacional de Implementa\u00e7\u00e3o do Novo Ensino M\u00e9diohttps:\/\/in.gov.br\/en\/web\/dou\/-\/portaria-n-521-de-13-de-julho-de-2021-331876769 [&hellip;]","og_url":"https:\/\/www.ipae.com.br\/ipae\/jornal-da-educacao-no-6304-quinta-feira-15-de-julho-de-2021\/","og_site_name":"IPAE - Instituto de Pesquisas e Administra\u00e7\u00e3o da Educa\u00e7\u00e3o","article_publisher":"https:\/\/www.facebook.com\/ipae.comunicacao\/","article_published_time":"2021-07-15T20:19:00+00:00","article_modified_time":"2021-07-16T20:26:54+00:00","og_image":[{"width":1280,"height":720,"url":"https:\/\/www.ipae.com.br\/ipae\/wp-content\/uploads\/2021\/02\/Jornal-da-educacao.jpg","type":"image\/jpeg"}],"author":"ipae","twitter_card":"summary_large_image","twitter_creator":"@ipaeduc","twitter_site":"@ipaeduc","twitter_misc":{"Escrito por":"ipae","Est. tempo de leitura":"2 minutos"},"schema":{"@context":"https:\/\/schema.org","@graph":[{"@type":"Article","@id":"https:\/\/www.ipae.com.br\/ipae\/jornal-da-educacao-no-6304-quinta-feira-15-de-julho-de-2021\/#article","isPartOf":{"@id":"https:\/\/www.ipae.com.br\/ipae\/jornal-da-educacao-no-6304-quinta-feira-15-de-julho-de-2021\/"},"author":{"name":"ipae","@id":"https:\/\/www.ipae.com.br\/ipae\/#\/schema\/person\/774bea80ea231cfff7be6a44330c0a96"},"headline":"Jornal da Educa\u00e7\u00e3o - n\u00ba 6304 - quinta-feira - 15 de julho de 2021","datePublished":"2021-07-15T20:19:00+00:00","dateModified":"2021-07-16T20:26:54+00:00","mainEntityOfPage":{"@id":"https:\/\/www.ipae.com.br\/ipae\/jornal-da-educacao-no-6304-quinta-feira-15-de-julho-de-2021\/"},"wordCount":565,"commentCount":0,"publisher":{"@id":"https:\/\/www.ipae.com.br\/ipae\/#organization"},"inLanguage":"pt-BR","potentialAction":[{"@type":"CommentAction","name":"Comment","target":["https:\/\/www.ipae.com.br\/ipae\/jornal-da-educacao-no-6304-quinta-feira-15-de-julho-de-2021\/#respond"]}]},{"@type":"WebPage","@id":"https:\/\/www.ipae.com.br\/ipae\/jornal-da-educacao-no-6304-quinta-feira-15-de-julho-de-2021\/","url":"https:\/\/www.ipae.com.br\/ipae\/jornal-da-educacao-no-6304-quinta-feira-15-de-julho-de-2021\/","name":"Jornal da Educa\u00e7\u00e3o - n\u00ba 6304 - quinta-feira - 15 de julho de 2021 - IPAE - Instituto de Pesquisas e Administra\u00e7\u00e3o da Educa\u00e7\u00e3o","isPartOf":{"@id":"https:\/\/www.ipae.com.br\/ipae\/#website"},"datePublished":"2021-07-15T20:19:00+00:00","dateModified":"2021-07-16T20:26:54+00:00","breadcrumb":{"@id":"https:\/\/www.ipae.com.br\/ipae\/jornal-da-educacao-no-6304-quinta-feira-15-de-julho-de-2021\/#breadcrumb"},"inLanguage":"pt-BR","potentialAction":[{"@type":"ReadAction","target":["https:\/\/www.ipae.com.br\/ipae\/jornal-da-educacao-no-6304-quinta-feira-15-de-julho-de-2021\/"]}]},{"@type":"BreadcrumbList","@id":"https:\/\/www.ipae.com.br\/ipae\/jornal-da-educacao-no-6304-quinta-feira-15-de-julho-de-2021\/#breadcrumb","itemListElement":[{"@type":"ListItem","position":1,"name":"In\u00edcio","item":"https:\/\/www.ipae.com.br\/ipae\/"},{"@type":"ListItem","position":2,"name":"Jornal da Educa\u00e7\u00e3o &#8211; n\u00ba 6304 &#8211; quinta-feira &#8211; 15 de julho de 2021"}]},{"@type":"WebSite","@id":"https:\/\/www.ipae.com.br\/ipae\/#website","url":"https:\/\/www.ipae.com.br\/ipae\/","name":"IPAE - Instituto de Pesquisas e Administra\u00e7\u00e3o da Educa\u00e7\u00e3o","description":"","publisher":{"@id":"https:\/\/www.ipae.com.br\/ipae\/#organization"},"potentialAction":[{"@type":"SearchAction","target":{"@type":"EntryPoint","urlTemplate":"https:\/\/www.ipae.com.br\/ipae\/?s={search_term_string}"},"query-input":"required name=search_term_string"}],"inLanguage":"pt-BR"},{"@type":"Organization","@id":"https:\/\/www.ipae.com.br\/ipae\/#organization","name":"IPAE - Instituto de Pesquisas e Administra\u00e7\u00e3o da Educa\u00e7\u00e3o","url":"https:\/\/www.ipae.com.br\/ipae\/","logo":{"@type":"ImageObject","inLanguage":"pt-BR","@id":"https:\/\/www.ipae.com.br\/ipae\/#\/schema\/logo\/image\/","url":"http:\/\/www.ipae.com.br\/ipae\/wp-content\/uploads\/2020\/03\/logo_ipae_oficial-1.png","contentUrl":"http:\/\/www.ipae.com.br\/ipae\/wp-content\/uploads\/2020\/03\/logo_ipae_oficial-1.png","width":380,"height":122,"caption":"IPAE - Instituto de Pesquisas e Administra\u00e7\u00e3o da Educa\u00e7\u00e3o"},"image":{"@id":"https:\/\/www.ipae.com.br\/ipae\/#\/schema\/logo\/image\/"},"sameAs":["https:\/\/www.facebook.com\/ipae.comunicacao\/","https:\/\/twitter.com\/ipaeduc","https:\/\/www.youtube.com\/channel\/UCaPztGYiarI6qGG-Kl-Lv3Q"]},{"@type":"Person","@id":"https:\/\/www.ipae.com.br\/ipae\/#\/schema\/person\/774bea80ea231cfff7be6a44330c0a96","name":"ipae","image":{"@type":"ImageObject","inLanguage":"pt-BR","@id":"https:\/\/www.ipae.com.br\/ipae\/#\/schema\/person\/image\/","url":"https:\/\/secure.gravatar.com\/avatar\/0cf3bd9ca57be172ad66f26bb369849f?s=96&d=mm&r=g","contentUrl":"https:\/\/secure.gravatar.com\/avatar\/0cf3bd9ca57be172ad66f26bb369849f?s=96&d=mm&r=g","caption":"ipae"},"url":"https:\/\/www.ipae.com.br\/ipae\/author\/ipae\/"}]}},"_links":{"self":[{"href":"https:\/\/www.ipae.com.br\/ipae\/wp-json\/wp\/v2\/posts\/3060"}],"collection":[{"href":"https:\/\/www.ipae.com.br\/ipae\/wp-json\/wp\/v2\/posts"}],"about":[{"href":"https:\/\/www.ipae.com.br\/ipae\/wp-json\/wp\/v2\/types\/post"}],"author":[{"embeddable":true,"href":"https:\/\/www.ipae.com.br\/ipae\/wp-json\/wp\/v2\/users\/1"}],"replies":[{"embeddable":true,"href":"https:\/\/www.ipae.com.br\/ipae\/wp-json\/wp\/v2\/comments?post=3060"}],"version-history":[{"count":1,"href":"https:\/\/www.ipae.com.br\/ipae\/wp-json\/wp\/v2\/posts\/3060\/revisions"}],"predecessor-version":[{"id":3061,"href":"https:\/\/www.ipae.com.br\/ipae\/wp-json\/wp\/v2\/posts\/3060\/revisions\/3061"}],"wp:featuredmedia":[{"embeddable":true,"href":"https:\/\/www.ipae.com.br\/ipae\/wp-json\/wp\/v2\/media\/2470"}],"wp:attachment":[{"href":"https:\/\/www.ipae.com.br\/ipae\/wp-json\/wp\/v2\/media?parent=3060"}],"wp:term":[{"taxonomy":"category","embeddable":true,"href":"https:\/\/www.ipae.com.br\/ipae\/wp-json\/wp\/v2\/categories?post=3060"},{"taxonomy":"post_tag","embeddable":true,"href":"https:\/\/www.ipae.com.br\/ipae\/wp-json\/wp\/v2\/tags?post=3060"},{"taxonomy":"table_tags","embeddable":true,"href":"https:\/\/www.ipae.com.br\/ipae\/wp-json\/wp\/v2\/table_tags?post=3060"}],"curies":[{"name":"wp","href":"https:\/\/api.w.org\/{rel}","templated":true}]}}