{"id":1847,"date":"2020-12-28T17:30:36","date_gmt":"2020-12-28T20:30:36","guid":{"rendered":"http:\/\/www.ipae.com.br\/ipae\/?p=1847"},"modified":"2020-12-28T17:30:38","modified_gmt":"2020-12-28T20:30:38","slug":"mec-define-calendario-anual-de-abertura-do-protocolo-de-ingresso-de-processos-regulatorios-no-sistema-e-mec-em-2021","status":"publish","type":"post","link":"https:\/\/www.ipae.com.br\/ipae\/mec-define-calendario-anual-de-abertura-do-protocolo-de-ingresso-de-processos-regulatorios-no-sistema-e-mec-em-2021\/","title":{"rendered":"MEC define calend\u00e1rio anual de abertura do protocolo de ingresso de processos regulat\u00f3rios no Sistema e-MEC em 2021"},"content":{"rendered":"<div id=\"dslc-theme-content\"><div id=\"dslc-theme-content-inner\">\n<p><a href=\"https:\/\/www.in.gov.br\/en\/web\/dou\/-\/portaria-n-1.067-de-23-de-dezembro-de-2020-296172464\">https:\/\/www.in.gov.br\/en\/web\/dou\/-\/portaria-n-1.067-de-23-de-dezembro-de-2020-296172464<\/a><\/p>\n<\/div><\/div>","protected":false},"excerpt":{"rendered":"<p>https:\/\/www.in.gov.br\/en\/web\/dou\/-\/portaria-n-1.067-de-23-de-dezembro-de-2020-296172464<\/p>\n","protected":false},"author":1,"featured_media":889,"comment_status":"open","ping_status":"open","sticky":false,"template":"","format":"standard","meta":[],"categories":[1],"tags":[],"table_tags":[],"yoast_head":"<!-- This site is optimized with the Yoast SEO plugin v21.1 - https:\/\/yoast.com\/wordpress\/plugins\/seo\/ -->\n<title>MEC define calend\u00e1rio anual de abertura do protocolo de ingresso de processos regulat\u00f3rios no Sistema e-MEC em 2021 - IPAE - Instituto de Pesquisas e Administra\u00e7\u00e3o da Educa\u00e7\u00e3o<\/title>\n<meta name=\"robots\" content=\"index, follow, max-snippet:-1, max-image-preview:large, max-video-preview:-1\" \/>\n<link rel=\"canonical\" href=\"https:\/\/www.ipae.com.br\/ipae\/mec-define-calendario-anual-de-abertura-do-protocolo-de-ingresso-de-processos-regulatorios-no-sistema-e-mec-em-2021\/\" \/>\n<meta property=\"og:locale\" content=\"pt_BR\" \/>\n<meta property=\"og:type\" content=\"article\" \/>\n<meta property=\"og:title\" content=\"MEC define calend\u00e1rio anual de abertura do protocolo de ingresso de processos regulat\u00f3rios no Sistema e-MEC em 2021 - IPAE - Instituto de Pesquisas e Administra\u00e7\u00e3o da Educa\u00e7\u00e3o\" \/>\n<meta property=\"og:description\" content=\"https:\/\/www.in.gov.br\/en\/web\/dou\/-\/portaria-n-1.067-de-23-de-dezembro-de-2020-296172464\" \/>\n<meta property=\"og:url\" content=\"https:\/\/www.ipae.com.br\/ipae\/mec-define-calendario-anual-de-abertura-do-protocolo-de-ingresso-de-processos-regulatorios-no-sistema-e-mec-em-2021\/\" \/>\n<meta property=\"og:site_name\" content=\"IPAE - Instituto de Pesquisas e Administra\u00e7\u00e3o da Educa\u00e7\u00e3o\" \/>\n<meta property=\"article:publisher\" content=\"https:\/\/www.facebook.com\/ipae.comunicacao\/\" \/>\n<meta property=\"article:published_time\" content=\"2020-12-28T20:30:36+00:00\" \/>\n<meta property=\"article:modified_time\" content=\"2020-12-28T20:30:38+00:00\" \/>\n<meta property=\"og:image\" content=\"https:\/\/www.ipae.com.br\/ipae\/wp-content\/uploads\/2020\/06\/ministerio-da-educacao-mec.png\" \/>\n\t<meta property=\"og:image:width\" content=\"990\" \/>\n\t<meta property=\"og:image:height\" content=\"774\" \/>\n\t<meta property=\"og:image:type\" content=\"image\/png\" \/>\n<meta name=\"author\" content=\"ipae\" \/>\n<meta name=\"twitter:card\" content=\"summary_large_image\" \/>\n<meta name=\"twitter:creator\" content=\"@ipaeduc\" \/>\n<meta name=\"twitter:site\" content=\"@ipaeduc\" \/>\n<meta name=\"twitter:label1\" content=\"Escrito por\" \/>\n\t<meta name=\"twitter:data1\" content=\"ipae\" \/>\n<script type=\"application\/ld+json\" class=\"yoast-schema-graph\">{\"@context\":\"https:\/\/schema.org\",\"@graph\":[{\"@type\":\"Article\",\"@id\":\"https:\/\/www.ipae.com.br\/ipae\/mec-define-calendario-anual-de-abertura-do-protocolo-de-ingresso-de-processos-regulatorios-no-sistema-e-mec-em-2021\/#article\",\"isPartOf\":{\"@id\":\"https:\/\/www.ipae.com.br\/ipae\/mec-define-calendario-anual-de-abertura-do-protocolo-de-ingresso-de-processos-regulatorios-no-sistema-e-mec-em-2021\/\"},\"author\":{\"name\":\"ipae\",\"@id\":\"https:\/\/www.ipae.com.br\/ipae\/#\/schema\/person\/774bea80ea231cfff7be6a44330c0a96\"},\"headline\":\"MEC define calend\u00e1rio anual de abertura do protocolo de ingresso de processos regulat\u00f3rios no Sistema e-MEC em 2021\",\"datePublished\":\"2020-12-28T20:30:36+00:00\",\"dateModified\":\"2020-12-28T20:30:38+00:00\",\"mainEntityOfPage\":{\"@id\":\"https:\/\/www.ipae.com.br\/ipae\/mec-define-calendario-anual-de-abertura-do-protocolo-de-ingresso-de-processos-regulatorios-no-sistema-e-mec-em-2021\/\"},\"wordCount\":32,\"commentCount\":0,\"publisher\":{\"@id\":\"https:\/\/www.ipae.com.br\/ipae\/#organization\"},\"inLanguage\":\"pt-BR\",\"potentialAction\":[{\"@type\":\"CommentAction\",\"name\":\"Comment\",\"target\":[\"https:\/\/www.ipae.com.br\/ipae\/mec-define-calendario-anual-de-abertura-do-protocolo-de-ingresso-de-processos-regulatorios-no-sistema-e-mec-em-2021\/#respond\"]}]},{\"@type\":\"WebPage\",\"@id\":\"https:\/\/www.ipae.com.br\/ipae\/mec-define-calendario-anual-de-abertura-do-protocolo-de-ingresso-de-processos-regulatorios-no-sistema-e-mec-em-2021\/\",\"url\":\"https:\/\/www.ipae.com.br\/ipae\/mec-define-calendario-anual-de-abertura-do-protocolo-de-ingresso-de-processos-regulatorios-no-sistema-e-mec-em-2021\/\",\"name\":\"MEC define calend\u00e1rio anual de abertura do protocolo de ingresso de processos regulat\u00f3rios no Sistema e-MEC em 2021 - IPAE - Instituto de Pesquisas e Administra\u00e7\u00e3o da Educa\u00e7\u00e3o\",\"isPartOf\":{\"@id\":\"https:\/\/www.ipae.com.br\/ipae\/#website\"},\"datePublished\":\"2020-12-28T20:30:36+00:00\",\"dateModified\":\"2020-12-28T20:30:38+00:00\",\"breadcrumb\":{\"@id\":\"https:\/\/www.ipae.com.br\/ipae\/mec-define-calendario-anual-de-abertura-do-protocolo-de-ingresso-de-processos-regulatorios-no-sistema-e-mec-em-2021\/#breadcrumb\"},\"inLanguage\":\"pt-BR\",\"potentialAction\":[{\"@type\":\"ReadAction\",\"target\":[\"https:\/\/www.ipae.com.br\/ipae\/mec-define-calendario-anual-de-abertura-do-protocolo-de-ingresso-de-processos-regulatorios-no-sistema-e-mec-em-2021\/\"]}]},{\"@type\":\"BreadcrumbList\",\"@id\":\"https:\/\/www.ipae.com.br\/ipae\/mec-define-calendario-anual-de-abertura-do-protocolo-de-ingresso-de-processos-regulatorios-no-sistema-e-mec-em-2021\/#breadcrumb\",\"itemListElement\":[{\"@type\":\"ListItem\",\"position\":1,\"name\":\"In\u00edcio\",\"item\":\"https:\/\/www.ipae.com.br\/ipae\/\"},{\"@type\":\"ListItem\",\"position\":2,\"name\":\"MEC define calend\u00e1rio anual de abertura do protocolo de ingresso de processos regulat\u00f3rios no Sistema e-MEC em 2021\"}]},{\"@type\":\"WebSite\",\"@id\":\"https:\/\/www.ipae.com.br\/ipae\/#website\",\"url\":\"https:\/\/www.ipae.com.br\/ipae\/\",\"name\":\"IPAE - Instituto de Pesquisas e Administra\u00e7\u00e3o da Educa\u00e7\u00e3o\",\"description\":\"\",\"publisher\":{\"@id\":\"https:\/\/www.ipae.com.br\/ipae\/#organization\"},\"potentialAction\":[{\"@type\":\"SearchAction\",\"target\":{\"@type\":\"EntryPoint\",\"urlTemplate\":\"https:\/\/www.ipae.com.br\/ipae\/?s={search_term_string}\"},\"query-input\":\"required name=search_term_string\"}],\"inLanguage\":\"pt-BR\"},{\"@type\":\"Organization\",\"@id\":\"https:\/\/www.ipae.com.br\/ipae\/#organization\",\"name\":\"IPAE - Instituto de Pesquisas e Administra\u00e7\u00e3o da Educa\u00e7\u00e3o\",\"url\":\"https:\/\/www.ipae.com.br\/ipae\/\",\"logo\":{\"@type\":\"ImageObject\",\"inLanguage\":\"pt-BR\",\"@id\":\"https:\/\/www.ipae.com.br\/ipae\/#\/schema\/logo\/image\/\",\"url\":\"http:\/\/www.ipae.com.br\/ipae\/wp-content\/uploads\/2020\/03\/logo_ipae_oficial-1.png\",\"contentUrl\":\"http:\/\/www.ipae.com.br\/ipae\/wp-content\/uploads\/2020\/03\/logo_ipae_oficial-1.png\",\"width\":380,\"height\":122,\"caption\":\"IPAE - Instituto de Pesquisas e Administra\u00e7\u00e3o da Educa\u00e7\u00e3o\"},\"image\":{\"@id\":\"https:\/\/www.ipae.com.br\/ipae\/#\/schema\/logo\/image\/\"},\"sameAs\":[\"https:\/\/www.facebook.com\/ipae.comunicacao\/\",\"https:\/\/twitter.com\/ipaeduc\",\"https:\/\/www.youtube.com\/channel\/UCaPztGYiarI6qGG-Kl-Lv3Q\"]},{\"@type\":\"Person\",\"@id\":\"https:\/\/www.ipae.com.br\/ipae\/#\/schema\/person\/774bea80ea231cfff7be6a44330c0a96\",\"name\":\"ipae\",\"image\":{\"@type\":\"ImageObject\",\"inLanguage\":\"pt-BR\",\"@id\":\"https:\/\/www.ipae.com.br\/ipae\/#\/schema\/person\/image\/\",\"url\":\"https:\/\/secure.gravatar.com\/avatar\/0cf3bd9ca57be172ad66f26bb369849f?s=96&d=mm&r=g\",\"contentUrl\":\"https:\/\/secure.gravatar.com\/avatar\/0cf3bd9ca57be172ad66f26bb369849f?s=96&d=mm&r=g\",\"caption\":\"ipae\"},\"url\":\"https:\/\/www.ipae.com.br\/ipae\/author\/ipae\/\"}]}<\/script>\n<!-- \/ Yoast SEO plugin. -->","yoast_head_json":{"title":"MEC define calend\u00e1rio anual de abertura do protocolo de ingresso de processos regulat\u00f3rios no Sistema e-MEC em 2021 - IPAE - Instituto de Pesquisas e Administra\u00e7\u00e3o da Educa\u00e7\u00e3o","robots":{"index":"index","follow":"follow","max-snippet":"max-snippet:-1","max-image-preview":"max-image-preview:large","max-video-preview":"max-video-preview:-1"},"canonical":"https:\/\/www.ipae.com.br\/ipae\/mec-define-calendario-anual-de-abertura-do-protocolo-de-ingresso-de-processos-regulatorios-no-sistema-e-mec-em-2021\/","og_locale":"pt_BR","og_type":"article","og_title":"MEC define calend\u00e1rio anual de abertura do protocolo de ingresso de processos regulat\u00f3rios no Sistema e-MEC em 2021 - IPAE - Instituto de Pesquisas e Administra\u00e7\u00e3o da Educa\u00e7\u00e3o","og_description":"https:\/\/www.in.gov.br\/en\/web\/dou\/-\/portaria-n-1.067-de-23-de-dezembro-de-2020-296172464","og_url":"https:\/\/www.ipae.com.br\/ipae\/mec-define-calendario-anual-de-abertura-do-protocolo-de-ingresso-de-processos-regulatorios-no-sistema-e-mec-em-2021\/","og_site_name":"IPAE - Instituto de Pesquisas e Administra\u00e7\u00e3o da Educa\u00e7\u00e3o","article_publisher":"https:\/\/www.facebook.com\/ipae.comunicacao\/","article_published_time":"2020-12-28T20:30:36+00:00","article_modified_time":"2020-12-28T20:30:38+00:00","og_image":[{"width":990,"height":774,"url":"https:\/\/www.ipae.com.br\/ipae\/wp-content\/uploads\/2020\/06\/ministerio-da-educacao-mec.png","type":"image\/png"}],"author":"ipae","twitter_card":"summary_large_image","twitter_creator":"@ipaeduc","twitter_site":"@ipaeduc","twitter_misc":{"Escrito por":"ipae"},"schema":{"@context":"https:\/\/schema.org","@graph":[{"@type":"Article","@id":"https:\/\/www.ipae.com.br\/ipae\/mec-define-calendario-anual-de-abertura-do-protocolo-de-ingresso-de-processos-regulatorios-no-sistema-e-mec-em-2021\/#article","isPartOf":{"@id":"https:\/\/www.ipae.com.br\/ipae\/mec-define-calendario-anual-de-abertura-do-protocolo-de-ingresso-de-processos-regulatorios-no-sistema-e-mec-em-2021\/"},"author":{"name":"ipae","@id":"https:\/\/www.ipae.com.br\/ipae\/#\/schema\/person\/774bea80ea231cfff7be6a44330c0a96"},"headline":"MEC define calend\u00e1rio anual de abertura do protocolo de ingresso de processos regulat\u00f3rios no Sistema e-MEC em 2021","datePublished":"2020-12-28T20:30:36+00:00","dateModified":"2020-12-28T20:30:38+00:00","mainEntityOfPage":{"@id":"https:\/\/www.ipae.com.br\/ipae\/mec-define-calendario-anual-de-abertura-do-protocolo-de-ingresso-de-processos-regulatorios-no-sistema-e-mec-em-2021\/"},"wordCount":32,"commentCount":0,"publisher":{"@id":"https:\/\/www.ipae.com.br\/ipae\/#organization"},"inLanguage":"pt-BR","potentialAction":[{"@type":"CommentAction","name":"Comment","target":["https:\/\/www.ipae.com.br\/ipae\/mec-define-calendario-anual-de-abertura-do-protocolo-de-ingresso-de-processos-regulatorios-no-sistema-e-mec-em-2021\/#respond"]}]},{"@type":"WebPage","@id":"https:\/\/www.ipae.com.br\/ipae\/mec-define-calendario-anual-de-abertura-do-protocolo-de-ingresso-de-processos-regulatorios-no-sistema-e-mec-em-2021\/","url":"https:\/\/www.ipae.com.br\/ipae\/mec-define-calendario-anual-de-abertura-do-protocolo-de-ingresso-de-processos-regulatorios-no-sistema-e-mec-em-2021\/","name":"MEC define calend\u00e1rio anual de abertura do protocolo de ingresso de processos regulat\u00f3rios no Sistema e-MEC em 2021 - IPAE - Instituto de Pesquisas e Administra\u00e7\u00e3o da Educa\u00e7\u00e3o","isPartOf":{"@id":"https:\/\/www.ipae.com.br\/ipae\/#website"},"datePublished":"2020-12-28T20:30:36+00:00","dateModified":"2020-12-28T20:30:38+00:00","breadcrumb":{"@id":"https:\/\/www.ipae.com.br\/ipae\/mec-define-calendario-anual-de-abertura-do-protocolo-de-ingresso-de-processos-regulatorios-no-sistema-e-mec-em-2021\/#breadcrumb"},"inLanguage":"pt-BR","potentialAction":[{"@type":"ReadAction","target":["https:\/\/www.ipae.com.br\/ipae\/mec-define-calendario-anual-de-abertura-do-protocolo-de-ingresso-de-processos-regulatorios-no-sistema-e-mec-em-2021\/"]}]},{"@type":"BreadcrumbList","@id":"https:\/\/www.ipae.com.br\/ipae\/mec-define-calendario-anual-de-abertura-do-protocolo-de-ingresso-de-processos-regulatorios-no-sistema-e-mec-em-2021\/#breadcrumb","itemListElement":[{"@type":"ListItem","position":1,"name":"In\u00edcio","item":"https:\/\/www.ipae.com.br\/ipae\/"},{"@type":"ListItem","position":2,"name":"MEC define calend\u00e1rio anual de abertura do protocolo de ingresso de processos regulat\u00f3rios no Sistema e-MEC em 2021"}]},{"@type":"WebSite","@id":"https:\/\/www.ipae.com.br\/ipae\/#website","url":"https:\/\/www.ipae.com.br\/ipae\/","name":"IPAE - Instituto de Pesquisas e Administra\u00e7\u00e3o da Educa\u00e7\u00e3o","description":"","publisher":{"@id":"https:\/\/www.ipae.com.br\/ipae\/#organization"},"potentialAction":[{"@type":"SearchAction","target":{"@type":"EntryPoint","urlTemplate":"https:\/\/www.ipae.com.br\/ipae\/?s={search_term_string}"},"query-input":"required name=search_term_string"}],"inLanguage":"pt-BR"},{"@type":"Organization","@id":"https:\/\/www.ipae.com.br\/ipae\/#organization","name":"IPAE - Instituto de Pesquisas e Administra\u00e7\u00e3o da Educa\u00e7\u00e3o","url":"https:\/\/www.ipae.com.br\/ipae\/","logo":{"@type":"ImageObject","inLanguage":"pt-BR","@id":"https:\/\/www.ipae.com.br\/ipae\/#\/schema\/logo\/image\/","url":"http:\/\/www.ipae.com.br\/ipae\/wp-content\/uploads\/2020\/03\/logo_ipae_oficial-1.png","contentUrl":"http:\/\/www.ipae.com.br\/ipae\/wp-content\/uploads\/2020\/03\/logo_ipae_oficial-1.png","width":380,"height":122,"caption":"IPAE - Instituto de Pesquisas e Administra\u00e7\u00e3o da Educa\u00e7\u00e3o"},"image":{"@id":"https:\/\/www.ipae.com.br\/ipae\/#\/schema\/logo\/image\/"},"sameAs":["https:\/\/www.facebook.com\/ipae.comunicacao\/","https:\/\/twitter.com\/ipaeduc","https:\/\/www.youtube.com\/channel\/UCaPztGYiarI6qGG-Kl-Lv3Q"]},{"@type":"Person","@id":"https:\/\/www.ipae.com.br\/ipae\/#\/schema\/person\/774bea80ea231cfff7be6a44330c0a96","name":"ipae","image":{"@type":"ImageObject","inLanguage":"pt-BR","@id":"https:\/\/www.ipae.com.br\/ipae\/#\/schema\/person\/image\/","url":"https:\/\/secure.gravatar.com\/avatar\/0cf3bd9ca57be172ad66f26bb369849f?s=96&d=mm&r=g","contentUrl":"https:\/\/secure.gravatar.com\/avatar\/0cf3bd9ca57be172ad66f26bb369849f?s=96&d=mm&r=g","caption":"ipae"},"url":"https:\/\/www.ipae.com.br\/ipae\/author\/ipae\/"}]}},"_links":{"self":[{"href":"https:\/\/www.ipae.com.br\/ipae\/wp-json\/wp\/v2\/posts\/1847"}],"collection":[{"href":"https:\/\/www.ipae.com.br\/ipae\/wp-json\/wp\/v2\/posts"}],"about":[{"href":"https:\/\/www.ipae.com.br\/ipae\/wp-json\/wp\/v2\/types\/post"}],"author":[{"embeddable":true,"href":"https:\/\/www.ipae.com.br\/ipae\/wp-json\/wp\/v2\/users\/1"}],"replies":[{"embeddable":true,"href":"https:\/\/www.ipae.com.br\/ipae\/wp-json\/wp\/v2\/comments?post=1847"}],"version-history":[{"count":1,"href":"https:\/\/www.ipae.com.br\/ipae\/wp-json\/wp\/v2\/posts\/1847\/revisions"}],"predecessor-version":[{"id":1848,"href":"https:\/\/www.ipae.com.br\/ipae\/wp-json\/wp\/v2\/posts\/1847\/revisions\/1848"}],"wp:featuredmedia":[{"embeddable":true,"href":"https:\/\/www.ipae.com.br\/ipae\/wp-json\/wp\/v2\/media\/889"}],"wp:attachment":[{"href":"https:\/\/www.ipae.com.br\/ipae\/wp-json\/wp\/v2\/media?parent=1847"}],"wp:term":[{"taxonomy":"category","embeddable":true,"href":"https:\/\/www.ipae.com.br\/ipae\/wp-json\/wp\/v2\/categories?post=1847"},{"taxonomy":"post_tag","embeddable":true,"href":"https:\/\/www.ipae.com.br\/ipae\/wp-json\/wp\/v2\/tags?post=1847"},{"taxonomy":"table_tags","embeddable":true,"href":"https:\/\/www.ipae.com.br\/ipae\/wp-json\/wp\/v2\/table_tags?post=1847"}],"curies":[{"name":"wp","href":"https:\/\/api.w.org\/{rel}","templated":true}]}}